{"id":2131,"date":"2020-02-07T15:03:29","date_gmt":"2020-02-07T15:03:29","guid":{"rendered":"https:\/\/sahb.ch\/blog-post-1\/"},"modified":"2025-08-11T15:32:56","modified_gmt":"2025-08-11T15:32:56","slug":"fauteuils-roulants-pour-enfants-en-bas-age","status":"publish","type":"post","link":"https:\/\/sahb.ch\/fr\/fauteuils-roulants-pour-enfants-en-bas-age\/","title":{"rendered":"Fauteuils roulants pour enfants en bas \u00e2ge"},"content":{"rendered":"","protected":false},"excerpt":{"rendered":"","protected":false},"author":3,"featured_media":6452,"comment_status":"open","ping_status":"open","sticky":false,"template":"","format":"standard","meta":{"_acf_changed":false},"categories":[263],"tags":[],"class_list":["post-2131","post","type-post","status-publish","format-standard","has-post-thumbnail","hentry","category-blog-fr"],"acf":[],"yoast_head":"<!-- This site is optimized with the Yoast SEO plugin v26.5 - https:\/\/yoast.com\/wordpress\/plugins\/seo\/ -->\n<title>Blog FSCMA | Fauteuils roulants pour enfants<\/title>\n<meta name=\"description\" content=\"Les fauteuils roulants pour enfants permettent eux de se d\u00e9placer de mani\u00e8re autonome et de d\u00e9couvrir le monde.\" \/>\n<meta name=\"robots\" content=\"index, follow, max-snippet:-1, max-image-preview:large, max-video-preview:-1\" \/>\n<link rel=\"canonical\" href=\"https:\/\/sahb.ch\/fr\/fauteuils-roulants-pour-enfants-en-bas-age\/\" \/>\n<meta property=\"og:locale\" content=\"fr_FR\" \/>\n<meta property=\"og:type\" content=\"article\" \/>\n<meta property=\"og:title\" content=\"Blog FSCMA | Fauteuils roulants pour enfants\" \/>\n<meta property=\"og:description\" content=\"Les fauteuils roulants pour enfants permettent eux de se d\u00e9placer de mani\u00e8re autonome et de d\u00e9couvrir le monde.\" \/>\n<meta property=\"og:url\" content=\"https:\/\/sahb.ch\/fr\/fauteuils-roulants-pour-enfants-en-bas-age\/\" \/>\n<meta property=\"og:site_name\" content=\"SAHB\" \/>\n<meta property=\"article:published_time\" content=\"2020-02-07T15:03:29+00:00\" \/>\n<meta property=\"article:modified_time\" content=\"2025-08-11T15:32:56+00:00\" \/>\n<meta property=\"og:image\" content=\"https:\/\/sahb.ch\/app\/uploads\/2020\/05\/DSC_0881-1024x678.jpg\" \/>\n\t<meta property=\"og:image:width\" content=\"1024\" \/>\n\t<meta property=\"og:image:height\" content=\"678\" \/>\n\t<meta property=\"og:image:type\" content=\"image\/jpeg\" \/>\n<meta name=\"author\" content=\"Susanne B\u00fcchler\" \/>\n<meta name=\"twitter:card\" content=\"summary_large_image\" \/>\n<meta name=\"twitter:label1\" content=\"Written by\" \/>\n\t<meta name=\"twitter:data1\" content=\"Susanne B\u00fcchler\" \/>\n\t<meta name=\"twitter:label2\" content=\"Est. reading time\" \/>\n\t<meta name=\"twitter:data2\" content=\"1 minute\" \/>\n<script type=\"application\/ld+json\" class=\"yoast-schema-graph\">{\"@context\":\"https:\/\/schema.org\",\"@graph\":[{\"@type\":\"WebPage\",\"@id\":\"https:\/\/sahb.ch\/fr\/fauteuils-roulants-pour-enfants-en-bas-age\/\",\"url\":\"https:\/\/sahb.ch\/fr\/fauteuils-roulants-pour-enfants-en-bas-age\/\",\"name\":\"Blog FSCMA | Fauteuils roulants pour enfants\",\"isPartOf\":{\"@id\":\"https:\/\/sahb.ch\/fr\/#website\"},\"primaryImageOfPage\":{\"@id\":\"https:\/\/sahb.ch\/fr\/fauteuils-roulants-pour-enfants-en-bas-age\/#primaryimage\"},\"image\":{\"@id\":\"https:\/\/sahb.ch\/fr\/fauteuils-roulants-pour-enfants-en-bas-age\/#primaryimage\"},\"thumbnailUrl\":\"https:\/\/sahb.ch\/app\/uploads\/2020\/05\/DSC_0881.jpg\",\"datePublished\":\"2020-02-07T15:03:29+00:00\",\"dateModified\":\"2025-08-11T15:32:56+00:00\",\"author\":{\"@id\":\"https:\/\/sahb.ch\/fr\/#\/schema\/person\/472c31e035f8f5e83d4ad684ebe426ef\"},\"description\":\"Les fauteuils roulants pour enfants permettent eux de se d\u00e9placer de mani\u00e8re autonome et de d\u00e9couvrir le monde.\",\"breadcrumb\":{\"@id\":\"https:\/\/sahb.ch\/fr\/fauteuils-roulants-pour-enfants-en-bas-age\/#breadcrumb\"},\"inLanguage\":\"fr-FR\",\"potentialAction\":[{\"@type\":\"ReadAction\",\"target\":[\"https:\/\/sahb.ch\/fr\/fauteuils-roulants-pour-enfants-en-bas-age\/\"]}]},{\"@type\":\"ImageObject\",\"inLanguage\":\"fr-FR\",\"@id\":\"https:\/\/sahb.ch\/fr\/fauteuils-roulants-pour-enfants-en-bas-age\/#primaryimage\",\"url\":\"https:\/\/sahb.ch\/app\/uploads\/2020\/05\/DSC_0881.jpg\",\"contentUrl\":\"https:\/\/sahb.ch\/app\/uploads\/2020\/05\/DSC_0881.jpg\",\"width\":2560,\"height\":1696,\"caption\":\"Rollst\u00fchle f\u00fcr Kleinkinder SAHB\"},{\"@type\":\"BreadcrumbList\",\"@id\":\"https:\/\/sahb.ch\/fr\/fauteuils-roulants-pour-enfants-en-bas-age\/#breadcrumb\",\"itemListElement\":[{\"@type\":\"ListItem\",\"position\":1,\"name\":\"Home\",\"item\":\"https:\/\/sahb.ch\/fr\/\"},{\"@type\":\"ListItem\",\"position\":2,\"name\":\"Fauteuils roulants pour enfants en bas \u00e2ge\"}]},{\"@type\":\"WebSite\",\"@id\":\"https:\/\/sahb.ch\/fr\/#website\",\"url\":\"https:\/\/sahb.ch\/fr\/\",\"name\":\"SAHB\",\"description\":\"\",\"potentialAction\":[{\"@type\":\"SearchAction\",\"target\":{\"@type\":\"EntryPoint\",\"urlTemplate\":\"https:\/\/sahb.ch\/fr\/?s={search_term_string}\"},\"query-input\":{\"@type\":\"PropertyValueSpecification\",\"valueRequired\":true,\"valueName\":\"search_term_string\"}}],\"inLanguage\":\"fr-FR\"},{\"@type\":\"Person\",\"@id\":\"https:\/\/sahb.ch\/fr\/#\/schema\/person\/472c31e035f8f5e83d4ad684ebe426ef\",\"name\":\"Susanne B\u00fcchler\",\"image\":{\"@type\":\"ImageObject\",\"inLanguage\":\"fr-FR\",\"@id\":\"https:\/\/sahb.ch\/fr\/#\/schema\/person\/image\/\",\"url\":\"https:\/\/secure.gravatar.com\/avatar\/3ef78eb1ed31f5b91d17529e8b09de79f539c6486c8aa23519c5956965b189db?s=96&d=mm&r=g\",\"contentUrl\":\"https:\/\/secure.gravatar.com\/avatar\/3ef78eb1ed31f5b91d17529e8b09de79f539c6486c8aa23519c5956965b189db?s=96&d=mm&r=g\",\"caption\":\"Susanne B\u00fcchler\"},\"sameAs\":[\"https:\/\/sahb.ch\/\"],\"url\":\"https:\/\/sahb.ch\/fr\/author\/susanne\/\"}]}<\/script>\n<!-- \/ Yoast SEO plugin. -->","yoast_head_json":{"title":"Blog FSCMA | Fauteuils roulants pour enfants","description":"Les fauteuils roulants pour enfants permettent eux de se d\u00e9placer de mani\u00e8re autonome et de d\u00e9couvrir le monde.","robots":{"index":"index","follow":"follow","max-snippet":"max-snippet:-1","max-image-preview":"max-image-preview:large","max-video-preview":"max-video-preview:-1"},"canonical":"https:\/\/sahb.ch\/fr\/fauteuils-roulants-pour-enfants-en-bas-age\/","og_locale":"fr_FR","og_type":"article","og_title":"Blog FSCMA | Fauteuils roulants pour enfants","og_description":"Les fauteuils roulants pour enfants permettent eux de se d\u00e9placer de mani\u00e8re autonome et de d\u00e9couvrir le monde.","og_url":"https:\/\/sahb.ch\/fr\/fauteuils-roulants-pour-enfants-en-bas-age\/","og_site_name":"SAHB","article_published_time":"2020-02-07T15:03:29+00:00","article_modified_time":"2025-08-11T15:32:56+00:00","og_image":[{"width":1024,"height":678,"url":"https:\/\/sahb.ch\/app\/uploads\/2020\/05\/DSC_0881-1024x678.jpg","type":"image\/jpeg"}],"author":"Susanne B\u00fcchler","twitter_card":"summary_large_image","twitter_misc":{"Written by":"Susanne B\u00fcchler","Est. reading time":"1 minute"},"schema":{"@context":"https:\/\/schema.org","@graph":[{"@type":"WebPage","@id":"https:\/\/sahb.ch\/fr\/fauteuils-roulants-pour-enfants-en-bas-age\/","url":"https:\/\/sahb.ch\/fr\/fauteuils-roulants-pour-enfants-en-bas-age\/","name":"Blog FSCMA | Fauteuils roulants pour enfants","isPartOf":{"@id":"https:\/\/sahb.ch\/fr\/#website"},"primaryImageOfPage":{"@id":"https:\/\/sahb.ch\/fr\/fauteuils-roulants-pour-enfants-en-bas-age\/#primaryimage"},"image":{"@id":"https:\/\/sahb.ch\/fr\/fauteuils-roulants-pour-enfants-en-bas-age\/#primaryimage"},"thumbnailUrl":"https:\/\/sahb.ch\/app\/uploads\/2020\/05\/DSC_0881.jpg","datePublished":"2020-02-07T15:03:29+00:00","dateModified":"2025-08-11T15:32:56+00:00","author":{"@id":"https:\/\/sahb.ch\/fr\/#\/schema\/person\/472c31e035f8f5e83d4ad684ebe426ef"},"description":"Les fauteuils roulants pour enfants permettent eux de se d\u00e9placer de mani\u00e8re autonome et de d\u00e9couvrir le monde.","breadcrumb":{"@id":"https:\/\/sahb.ch\/fr\/fauteuils-roulants-pour-enfants-en-bas-age\/#breadcrumb"},"inLanguage":"fr-FR","potentialAction":[{"@type":"ReadAction","target":["https:\/\/sahb.ch\/fr\/fauteuils-roulants-pour-enfants-en-bas-age\/"]}]},{"@type":"ImageObject","inLanguage":"fr-FR","@id":"https:\/\/sahb.ch\/fr\/fauteuils-roulants-pour-enfants-en-bas-age\/#primaryimage","url":"https:\/\/sahb.ch\/app\/uploads\/2020\/05\/DSC_0881.jpg","contentUrl":"https:\/\/sahb.ch\/app\/uploads\/2020\/05\/DSC_0881.jpg","width":2560,"height":1696,"caption":"Rollst\u00fchle f\u00fcr Kleinkinder SAHB"},{"@type":"BreadcrumbList","@id":"https:\/\/sahb.ch\/fr\/fauteuils-roulants-pour-enfants-en-bas-age\/#breadcrumb","itemListElement":[{"@type":"ListItem","position":1,"name":"Home","item":"https:\/\/sahb.ch\/fr\/"},{"@type":"ListItem","position":2,"name":"Fauteuils roulants pour enfants en bas \u00e2ge"}]},{"@type":"WebSite","@id":"https:\/\/sahb.ch\/fr\/#website","url":"https:\/\/sahb.ch\/fr\/","name":"SAHB","description":"","potentialAction":[{"@type":"SearchAction","target":{"@type":"EntryPoint","urlTemplate":"https:\/\/sahb.ch\/fr\/?s={search_term_string}"},"query-input":{"@type":"PropertyValueSpecification","valueRequired":true,"valueName":"search_term_string"}}],"inLanguage":"fr-FR"},{"@type":"Person","@id":"https:\/\/sahb.ch\/fr\/#\/schema\/person\/472c31e035f8f5e83d4ad684ebe426ef","name":"Susanne B\u00fcchler","image":{"@type":"ImageObject","inLanguage":"fr-FR","@id":"https:\/\/sahb.ch\/fr\/#\/schema\/person\/image\/","url":"https:\/\/secure.gravatar.com\/avatar\/3ef78eb1ed31f5b91d17529e8b09de79f539c6486c8aa23519c5956965b189db?s=96&d=mm&r=g","contentUrl":"https:\/\/secure.gravatar.com\/avatar\/3ef78eb1ed31f5b91d17529e8b09de79f539c6486c8aa23519c5956965b189db?s=96&d=mm&r=g","caption":"Susanne B\u00fcchler"},"sameAs":["https:\/\/sahb.ch\/"],"url":"https:\/\/sahb.ch\/fr\/author\/susanne\/"}]}},"_links":{"self":[{"href":"https:\/\/sahb.ch\/fr\/wp-json\/wp\/v2\/posts\/2131","targetHints":{"allow":["GET"]}}],"collection":[{"href":"https:\/\/sahb.ch\/fr\/wp-json\/wp\/v2\/posts"}],"about":[{"href":"https:\/\/sahb.ch\/fr\/wp-json\/wp\/v2\/types\/post"}],"author":[{"embeddable":true,"href":"https:\/\/sahb.ch\/fr\/wp-json\/wp\/v2\/users\/3"}],"replies":[{"embeddable":true,"href":"https:\/\/sahb.ch\/fr\/wp-json\/wp\/v2\/comments?post=2131"}],"version-history":[{"count":7,"href":"https:\/\/sahb.ch\/fr\/wp-json\/wp\/v2\/posts\/2131\/revisions"}],"predecessor-version":[{"id":53855,"href":"https:\/\/sahb.ch\/fr\/wp-json\/wp\/v2\/posts\/2131\/revisions\/53855"}],"wp:featuredmedia":[{"embeddable":true,"href":"https:\/\/sahb.ch\/fr\/wp-json\/wp\/v2\/media\/6452"}],"wp:attachment":[{"href":"https:\/\/sahb.ch\/fr\/wp-json\/wp\/v2\/media?parent=2131"}],"wp:term":[{"taxonomy":"category","embeddable":true,"href":"https:\/\/sahb.ch\/fr\/wp-json\/wp\/v2\/categories?post=2131"},{"taxonomy":"post_tag","embeddable":true,"href":"https:\/\/sahb.ch\/fr\/wp-json\/wp\/v2\/tags?post=2131"}],"curies":[{"name":"wp","href":"https:\/\/api.w.org\/{rel}","templated":true}]}}