{"id":21949,"date":"2022-03-29T11:12:12","date_gmt":"2022-03-29T11:12:12","guid":{"rendered":"https:\/\/sahb.ch\/?p=21949"},"modified":"2022-12-15T14:32:02","modified_gmt":"2022-12-15T14:32:02","slug":"monte-escaliers-evaluer-a-temps-les-possibilites","status":"publish","type":"post","link":"https:\/\/sahb.ch\/fr\/monte-escaliers-evaluer-a-temps-les-possibilites\/","title":{"rendered":"Monte-escaliers: \u00e9valuer \u00e0 temps les possibilit\u00e9s"},"content":{"rendered":"","protected":false},"excerpt":{"rendered":"","protected":false},"author":5,"featured_media":21787,"comment_status":"open","ping_status":"open","sticky":false,"template":"","format":"standard","meta":{"_acf_changed":false},"categories":[263],"tags":[489,488,490],"class_list":["post-21949","post","type-post","status-publish","format-standard","has-post-thumbnail","hentry","category-blog-fr","tag-monte-escaliers-a-plateforme-les-plateformes-elevatrices","tag-monte-escaliers-a-siege","tag-monte-escaliers-suspendus"],"acf":[],"yoast_head":"<!-- This site is optimized with the Yoast SEO plugin v26.5 - https:\/\/yoast.com\/wordpress\/plugins\/seo\/ -->\n<title>Monte-escaliers: \u00e9valuer \u00e0 temps les possibilit\u00e9s - SAHB<\/title>\n<meta name=\"description\" content=\"En ce qui concerne les monte-escaliers \u00e9valuer \u00e0 temps les possibilit\u00e9s est important. Notre blog r\u00e9sume les faits importants.\" \/>\n<meta name=\"robots\" content=\"index, follow, max-snippet:-1, max-image-preview:large, max-video-preview:-1\" \/>\n<link rel=\"canonical\" href=\"https:\/\/sahb.ch\/fr\/monte-escaliers-evaluer-a-temps-les-possibilites\/\" \/>\n<meta property=\"og:locale\" content=\"fr_FR\" \/>\n<meta property=\"og:type\" content=\"article\" \/>\n<meta property=\"og:title\" content=\"Monte-escaliers: \u00e9valuer \u00e0 temps les possibilit\u00e9s - SAHB\" \/>\n<meta property=\"og:description\" content=\"En ce qui concerne les monte-escaliers \u00e9valuer \u00e0 temps les possibilit\u00e9s est important. Notre blog r\u00e9sume les faits importants.\" \/>\n<meta property=\"og:url\" content=\"https:\/\/sahb.ch\/fr\/monte-escaliers-evaluer-a-temps-les-possibilites\/\" \/>\n<meta property=\"og:site_name\" content=\"SAHB\" \/>\n<meta property=\"article:published_time\" content=\"2022-03-29T11:12:12+00:00\" \/>\n<meta property=\"article:modified_time\" content=\"2022-12-15T14:32:02+00:00\" \/>\n<meta property=\"og:image\" content=\"https:\/\/sahb.ch\/app\/uploads\/2022\/03\/Exma-Info-2022-1-Treppenlifte.jpg\" \/>\n\t<meta property=\"og:image:width\" content=\"1024\" \/>\n\t<meta property=\"og:image:height\" content=\"756\" \/>\n\t<meta property=\"og:image:type\" content=\"image\/jpeg\" \/>\n<meta name=\"author\" content=\"Karina Peters\" \/>\n<meta name=\"twitter:card\" content=\"summary_large_image\" \/>\n<meta name=\"twitter:label1\" content=\"Written by\" \/>\n\t<meta name=\"twitter:data1\" content=\"Karina Peters\" \/>\n<script type=\"application\/ld+json\" class=\"yoast-schema-graph\">{\"@context\":\"https:\/\/schema.org\",\"@graph\":[{\"@type\":\"WebPage\",\"@id\":\"https:\/\/sahb.ch\/fr\/monte-escaliers-evaluer-a-temps-les-possibilites\/\",\"url\":\"https:\/\/sahb.ch\/fr\/monte-escaliers-evaluer-a-temps-les-possibilites\/\",\"name\":\"Monte-escaliers: \u00e9valuer \u00e0 temps les possibilit\u00e9s - SAHB\",\"isPartOf\":{\"@id\":\"https:\/\/sahb.ch\/fr\/#website\"},\"primaryImageOfPage\":{\"@id\":\"https:\/\/sahb.ch\/fr\/monte-escaliers-evaluer-a-temps-les-possibilites\/#primaryimage\"},\"image\":{\"@id\":\"https:\/\/sahb.ch\/fr\/monte-escaliers-evaluer-a-temps-les-possibilites\/#primaryimage\"},\"thumbnailUrl\":\"https:\/\/sahb.ch\/app\/uploads\/2022\/03\/Exma-Info-2022-1-Treppenlifte.jpg\",\"datePublished\":\"2022-03-29T11:12:12+00:00\",\"dateModified\":\"2022-12-15T14:32:02+00:00\",\"author\":{\"@id\":\"https:\/\/sahb.ch\/fr\/#\/schema\/person\/3bede25f08e8dc31ae1fd1d6aafc3a27\"},\"description\":\"En ce qui concerne les monte-escaliers \u00e9valuer \u00e0 temps les possibilit\u00e9s est important. Notre blog r\u00e9sume les faits importants.\",\"breadcrumb\":{\"@id\":\"https:\/\/sahb.ch\/fr\/monte-escaliers-evaluer-a-temps-les-possibilites\/#breadcrumb\"},\"inLanguage\":\"fr-FR\",\"potentialAction\":[{\"@type\":\"ReadAction\",\"target\":[\"https:\/\/sahb.ch\/fr\/monte-escaliers-evaluer-a-temps-les-possibilites\/\"]}]},{\"@type\":\"ImageObject\",\"inLanguage\":\"fr-FR\",\"@id\":\"https:\/\/sahb.ch\/fr\/monte-escaliers-evaluer-a-temps-les-possibilites\/#primaryimage\",\"url\":\"https:\/\/sahb.ch\/app\/uploads\/2022\/03\/Exma-Info-2022-1-Treppenlifte.jpg\",\"contentUrl\":\"https:\/\/sahb.ch\/app\/uploads\/2022\/03\/Exma-Info-2022-1-Treppenlifte.jpg\",\"width\":1024,\"height\":756,\"caption\":\"Exma Info zum Thema Treppenlifte\"},{\"@type\":\"BreadcrumbList\",\"@id\":\"https:\/\/sahb.ch\/fr\/monte-escaliers-evaluer-a-temps-les-possibilites\/#breadcrumb\",\"itemListElement\":[{\"@type\":\"ListItem\",\"position\":1,\"name\":\"Home\",\"item\":\"https:\/\/sahb.ch\/fr\/\"},{\"@type\":\"ListItem\",\"position\":2,\"name\":\"Monte-escaliers: \u00e9valuer \u00e0 temps les possibilit\u00e9s\"}]},{\"@type\":\"WebSite\",\"@id\":\"https:\/\/sahb.ch\/fr\/#website\",\"url\":\"https:\/\/sahb.ch\/fr\/\",\"name\":\"SAHB\",\"description\":\"\",\"potentialAction\":[{\"@type\":\"SearchAction\",\"target\":{\"@type\":\"EntryPoint\",\"urlTemplate\":\"https:\/\/sahb.ch\/fr\/?s={search_term_string}\"},\"query-input\":{\"@type\":\"PropertyValueSpecification\",\"valueRequired\":true,\"valueName\":\"search_term_string\"}}],\"inLanguage\":\"fr-FR\"},{\"@type\":\"Person\",\"@id\":\"https:\/\/sahb.ch\/fr\/#\/schema\/person\/3bede25f08e8dc31ae1fd1d6aafc3a27\",\"name\":\"Karina Peters\",\"image\":{\"@type\":\"ImageObject\",\"inLanguage\":\"fr-FR\",\"@id\":\"https:\/\/sahb.ch\/fr\/#\/schema\/person\/image\/\",\"url\":\"https:\/\/secure.gravatar.com\/avatar\/e26a06426b302319c7444c411ada20bea8f0d2bbaeb7519c6c17619e9492f40b?s=96&d=mm&r=g\",\"contentUrl\":\"https:\/\/secure.gravatar.com\/avatar\/e26a06426b302319c7444c411ada20bea8f0d2bbaeb7519c6c17619e9492f40b?s=96&d=mm&r=g\",\"caption\":\"Karina Peters\"},\"sameAs\":[\"http:\/\/www.sahb.ch\"],\"url\":\"https:\/\/sahb.ch\/fr\/author\/karina\/\"}]}<\/script>\n<!-- \/ Yoast SEO plugin. -->","yoast_head_json":{"title":"Monte-escaliers: \u00e9valuer \u00e0 temps les possibilit\u00e9s - SAHB","description":"En ce qui concerne les monte-escaliers \u00e9valuer \u00e0 temps les possibilit\u00e9s est important. Notre blog r\u00e9sume les faits importants.","robots":{"index":"index","follow":"follow","max-snippet":"max-snippet:-1","max-image-preview":"max-image-preview:large","max-video-preview":"max-video-preview:-1"},"canonical":"https:\/\/sahb.ch\/fr\/monte-escaliers-evaluer-a-temps-les-possibilites\/","og_locale":"fr_FR","og_type":"article","og_title":"Monte-escaliers: \u00e9valuer \u00e0 temps les possibilit\u00e9s - SAHB","og_description":"En ce qui concerne les monte-escaliers \u00e9valuer \u00e0 temps les possibilit\u00e9s est important. Notre blog r\u00e9sume les faits importants.","og_url":"https:\/\/sahb.ch\/fr\/monte-escaliers-evaluer-a-temps-les-possibilites\/","og_site_name":"SAHB","article_published_time":"2022-03-29T11:12:12+00:00","article_modified_time":"2022-12-15T14:32:02+00:00","og_image":[{"width":1024,"height":756,"url":"https:\/\/sahb.ch\/app\/uploads\/2022\/03\/Exma-Info-2022-1-Treppenlifte.jpg","type":"image\/jpeg"}],"author":"Karina Peters","twitter_card":"summary_large_image","twitter_misc":{"Written by":"Karina Peters"},"schema":{"@context":"https:\/\/schema.org","@graph":[{"@type":"WebPage","@id":"https:\/\/sahb.ch\/fr\/monte-escaliers-evaluer-a-temps-les-possibilites\/","url":"https:\/\/sahb.ch\/fr\/monte-escaliers-evaluer-a-temps-les-possibilites\/","name":"Monte-escaliers: \u00e9valuer \u00e0 temps les possibilit\u00e9s - SAHB","isPartOf":{"@id":"https:\/\/sahb.ch\/fr\/#website"},"primaryImageOfPage":{"@id":"https:\/\/sahb.ch\/fr\/monte-escaliers-evaluer-a-temps-les-possibilites\/#primaryimage"},"image":{"@id":"https:\/\/sahb.ch\/fr\/monte-escaliers-evaluer-a-temps-les-possibilites\/#primaryimage"},"thumbnailUrl":"https:\/\/sahb.ch\/app\/uploads\/2022\/03\/Exma-Info-2022-1-Treppenlifte.jpg","datePublished":"2022-03-29T11:12:12+00:00","dateModified":"2022-12-15T14:32:02+00:00","author":{"@id":"https:\/\/sahb.ch\/fr\/#\/schema\/person\/3bede25f08e8dc31ae1fd1d6aafc3a27"},"description":"En ce qui concerne les monte-escaliers \u00e9valuer \u00e0 temps les possibilit\u00e9s est important. Notre blog r\u00e9sume les faits importants.","breadcrumb":{"@id":"https:\/\/sahb.ch\/fr\/monte-escaliers-evaluer-a-temps-les-possibilites\/#breadcrumb"},"inLanguage":"fr-FR","potentialAction":[{"@type":"ReadAction","target":["https:\/\/sahb.ch\/fr\/monte-escaliers-evaluer-a-temps-les-possibilites\/"]}]},{"@type":"ImageObject","inLanguage":"fr-FR","@id":"https:\/\/sahb.ch\/fr\/monte-escaliers-evaluer-a-temps-les-possibilites\/#primaryimage","url":"https:\/\/sahb.ch\/app\/uploads\/2022\/03\/Exma-Info-2022-1-Treppenlifte.jpg","contentUrl":"https:\/\/sahb.ch\/app\/uploads\/2022\/03\/Exma-Info-2022-1-Treppenlifte.jpg","width":1024,"height":756,"caption":"Exma Info zum Thema Treppenlifte"},{"@type":"BreadcrumbList","@id":"https:\/\/sahb.ch\/fr\/monte-escaliers-evaluer-a-temps-les-possibilites\/#breadcrumb","itemListElement":[{"@type":"ListItem","position":1,"name":"Home","item":"https:\/\/sahb.ch\/fr\/"},{"@type":"ListItem","position":2,"name":"Monte-escaliers: \u00e9valuer \u00e0 temps les possibilit\u00e9s"}]},{"@type":"WebSite","@id":"https:\/\/sahb.ch\/fr\/#website","url":"https:\/\/sahb.ch\/fr\/","name":"SAHB","description":"","potentialAction":[{"@type":"SearchAction","target":{"@type":"EntryPoint","urlTemplate":"https:\/\/sahb.ch\/fr\/?s={search_term_string}"},"query-input":{"@type":"PropertyValueSpecification","valueRequired":true,"valueName":"search_term_string"}}],"inLanguage":"fr-FR"},{"@type":"Person","@id":"https:\/\/sahb.ch\/fr\/#\/schema\/person\/3bede25f08e8dc31ae1fd1d6aafc3a27","name":"Karina Peters","image":{"@type":"ImageObject","inLanguage":"fr-FR","@id":"https:\/\/sahb.ch\/fr\/#\/schema\/person\/image\/","url":"https:\/\/secure.gravatar.com\/avatar\/e26a06426b302319c7444c411ada20bea8f0d2bbaeb7519c6c17619e9492f40b?s=96&d=mm&r=g","contentUrl":"https:\/\/secure.gravatar.com\/avatar\/e26a06426b302319c7444c411ada20bea8f0d2bbaeb7519c6c17619e9492f40b?s=96&d=mm&r=g","caption":"Karina Peters"},"sameAs":["http:\/\/www.sahb.ch"],"url":"https:\/\/sahb.ch\/fr\/author\/karina\/"}]}},"_links":{"self":[{"href":"https:\/\/sahb.ch\/fr\/wp-json\/wp\/v2\/posts\/21949","targetHints":{"allow":["GET"]}}],"collection":[{"href":"https:\/\/sahb.ch\/fr\/wp-json\/wp\/v2\/posts"}],"about":[{"href":"https:\/\/sahb.ch\/fr\/wp-json\/wp\/v2\/types\/post"}],"author":[{"embeddable":true,"href":"https:\/\/sahb.ch\/fr\/wp-json\/wp\/v2\/users\/5"}],"replies":[{"embeddable":true,"href":"https:\/\/sahb.ch\/fr\/wp-json\/wp\/v2\/comments?post=21949"}],"version-history":[{"count":6,"href":"https:\/\/sahb.ch\/fr\/wp-json\/wp\/v2\/posts\/21949\/revisions"}],"predecessor-version":[{"id":28094,"href":"https:\/\/sahb.ch\/fr\/wp-json\/wp\/v2\/posts\/21949\/revisions\/28094"}],"wp:featuredmedia":[{"embeddable":true,"href":"https:\/\/sahb.ch\/fr\/wp-json\/wp\/v2\/media\/21787"}],"wp:attachment":[{"href":"https:\/\/sahb.ch\/fr\/wp-json\/wp\/v2\/media?parent=21949"}],"wp:term":[{"taxonomy":"category","embeddable":true,"href":"https:\/\/sahb.ch\/fr\/wp-json\/wp\/v2\/categories?post=21949"},{"taxonomy":"post_tag","embeddable":true,"href":"https:\/\/sahb.ch\/fr\/wp-json\/wp\/v2\/tags?post=21949"}],"curies":[{"name":"wp","href":"https:\/\/api.w.org\/{rel}","templated":true}]}}