{"id":42837,"date":"2024-06-03T10:03:41","date_gmt":"2024-06-03T10:03:41","guid":{"rendered":"https:\/\/sahb.ch\/?p=42837"},"modified":"2024-06-03T10:16:00","modified_gmt":"2024-06-03T10:16:00","slug":"la-suisse-peut-prendre-exemple-sur-barcelone","status":"publish","type":"post","link":"https:\/\/sahb.ch\/fr\/la-suisse-peut-prendre-exemple-sur-barcelone\/","title":{"rendered":"\u00ab La Suisse peut prendre exemple sur Barcelone \u00bb"},"content":{"rendered":"","protected":false},"excerpt":{"rendered":"","protected":false},"author":8,"featured_media":42835,"comment_status":"open","ping_status":"open","sticky":false,"template":"","format":"standard","meta":{"_acf_changed":false},"categories":[33],"tags":[],"class_list":["post-42837","post","type-post","status-publish","format-standard","has-post-thumbnail","hentry","category-non-classifiee"],"acf":[],"yoast_head":"<!-- This site is optimized with the Yoast SEO plugin v26.5 - https:\/\/yoast.com\/wordpress\/plugins\/seo\/ -->\n<title>\u00ab La Suisse peut prendre exemple sur Barcelone \u00bb - SAHB<\/title>\n<meta name=\"description\" content=\"En 2010, on a diagnostiqu\u00e9 \u00e0 Caroline Baier une scl\u00e9rose en plaques (SEP). Une inflammation du nerf optique a confirm\u00e9 le diagnostic qu\u2019elle soup\u00e7onnait depuis longtemps. Le soutien d\u2019une famille formidable, une attitude positive et des moyens auxiliaires adapt\u00e9s lui permettent de bien s\u2019en sortir. Au quotidien comme en voyage.\" \/>\n<meta name=\"robots\" content=\"index, follow, max-snippet:-1, max-image-preview:large, max-video-preview:-1\" \/>\n<link rel=\"canonical\" href=\"https:\/\/sahb.ch\/fr\/la-suisse-peut-prendre-exemple-sur-barcelone\/\" \/>\n<meta property=\"og:locale\" content=\"fr_FR\" \/>\n<meta property=\"og:type\" content=\"article\" \/>\n<meta property=\"og:title\" content=\"\u00ab La Suisse peut prendre exemple sur Barcelone \u00bb - SAHB\" \/>\n<meta property=\"og:description\" content=\"En 2010, on a diagnostiqu\u00e9 \u00e0 Caroline Baier une scl\u00e9rose en plaques (SEP). Une inflammation du nerf optique a confirm\u00e9 le diagnostic qu\u2019elle soup\u00e7onnait depuis longtemps. Le soutien d\u2019une famille formidable, une attitude positive et des moyens auxiliaires adapt\u00e9s lui permettent de bien s\u2019en sortir. Au quotidien comme en voyage.\" \/>\n<meta property=\"og:url\" content=\"https:\/\/sahb.ch\/fr\/la-suisse-peut-prendre-exemple-sur-barcelone\/\" \/>\n<meta property=\"og:site_name\" content=\"SAHB\" \/>\n<meta property=\"article:published_time\" content=\"2024-06-03T10:03:41+00:00\" \/>\n<meta property=\"article:modified_time\" content=\"2024-06-03T10:16:00+00:00\" \/>\n<meta property=\"og:image\" content=\"https:\/\/sahb.ch\/app\/uploads\/2024\/06\/L1070883-scaled.jpg\" \/>\n\t<meta property=\"og:image:width\" content=\"2560\" \/>\n\t<meta property=\"og:image:height\" content=\"1707\" \/>\n\t<meta property=\"og:image:type\" content=\"image\/jpeg\" \/>\n<meta name=\"author\" content=\"Annina Humanes\" \/>\n<meta name=\"twitter:card\" content=\"summary_large_image\" \/>\n<meta name=\"twitter:label1\" content=\"Written by\" \/>\n\t<meta name=\"twitter:data1\" content=\"Annina Humanes\" \/>\n\t<meta name=\"twitter:label2\" content=\"Est. reading time\" \/>\n\t<meta name=\"twitter:data2\" content=\"1 minute\" \/>\n<script type=\"application\/ld+json\" class=\"yoast-schema-graph\">{\"@context\":\"https:\/\/schema.org\",\"@graph\":[{\"@type\":\"WebPage\",\"@id\":\"https:\/\/sahb.ch\/fr\/la-suisse-peut-prendre-exemple-sur-barcelone\/\",\"url\":\"https:\/\/sahb.ch\/fr\/la-suisse-peut-prendre-exemple-sur-barcelone\/\",\"name\":\"\u00ab La Suisse peut prendre exemple sur Barcelone \u00bb - SAHB\",\"isPartOf\":{\"@id\":\"https:\/\/sahb.ch\/fr\/#website\"},\"primaryImageOfPage\":{\"@id\":\"https:\/\/sahb.ch\/fr\/la-suisse-peut-prendre-exemple-sur-barcelone\/#primaryimage\"},\"image\":{\"@id\":\"https:\/\/sahb.ch\/fr\/la-suisse-peut-prendre-exemple-sur-barcelone\/#primaryimage\"},\"thumbnailUrl\":\"https:\/\/sahb.ch\/app\/uploads\/2024\/06\/L1070883-scaled.jpg\",\"datePublished\":\"2024-06-03T10:03:41+00:00\",\"dateModified\":\"2024-06-03T10:16:00+00:00\",\"author\":{\"@id\":\"https:\/\/sahb.ch\/fr\/#\/schema\/person\/67e58a3bfb47f5478c6042a01ddaed0d\"},\"description\":\"En 2010, on a diagnostiqu\u00e9 \u00e0 Caroline Baier une scl\u00e9rose en plaques (SEP). Une inflammation du nerf optique a confirm\u00e9 le diagnostic qu\u2019elle soup\u00e7onnait depuis longtemps. Le soutien d\u2019une famille formidable, une attitude positive et des moyens auxiliaires adapt\u00e9s lui permettent de bien s\u2019en sortir. Au quotidien comme en voyage.\",\"breadcrumb\":{\"@id\":\"https:\/\/sahb.ch\/fr\/la-suisse-peut-prendre-exemple-sur-barcelone\/#breadcrumb\"},\"inLanguage\":\"fr-FR\",\"potentialAction\":[{\"@type\":\"ReadAction\",\"target\":[\"https:\/\/sahb.ch\/fr\/la-suisse-peut-prendre-exemple-sur-barcelone\/\"]}]},{\"@type\":\"ImageObject\",\"inLanguage\":\"fr-FR\",\"@id\":\"https:\/\/sahb.ch\/fr\/la-suisse-peut-prendre-exemple-sur-barcelone\/#primaryimage\",\"url\":\"https:\/\/sahb.ch\/app\/uploads\/2024\/06\/L1070883-scaled.jpg\",\"contentUrl\":\"https:\/\/sahb.ch\/app\/uploads\/2024\/06\/L1070883-scaled.jpg\",\"width\":2560,\"height\":1707},{\"@type\":\"BreadcrumbList\",\"@id\":\"https:\/\/sahb.ch\/fr\/la-suisse-peut-prendre-exemple-sur-barcelone\/#breadcrumb\",\"itemListElement\":[{\"@type\":\"ListItem\",\"position\":1,\"name\":\"Home\",\"item\":\"https:\/\/sahb.ch\/fr\/\"},{\"@type\":\"ListItem\",\"position\":2,\"name\":\"\u00ab La Suisse peut prendre exemple sur Barcelone \u00bb\"}]},{\"@type\":\"WebSite\",\"@id\":\"https:\/\/sahb.ch\/fr\/#website\",\"url\":\"https:\/\/sahb.ch\/fr\/\",\"name\":\"SAHB\",\"description\":\"\",\"potentialAction\":[{\"@type\":\"SearchAction\",\"target\":{\"@type\":\"EntryPoint\",\"urlTemplate\":\"https:\/\/sahb.ch\/fr\/?s={search_term_string}\"},\"query-input\":{\"@type\":\"PropertyValueSpecification\",\"valueRequired\":true,\"valueName\":\"search_term_string\"}}],\"inLanguage\":\"fr-FR\"},{\"@type\":\"Person\",\"@id\":\"https:\/\/sahb.ch\/fr\/#\/schema\/person\/67e58a3bfb47f5478c6042a01ddaed0d\",\"name\":\"Annina Humanes\",\"image\":{\"@type\":\"ImageObject\",\"inLanguage\":\"fr-FR\",\"@id\":\"https:\/\/sahb.ch\/fr\/#\/schema\/person\/image\/\",\"url\":\"https:\/\/secure.gravatar.com\/avatar\/8b1518f5ae124c181c26693d06a13aaf19da45c0dc574995f0fb9650ca1927fb?s=96&d=mm&r=g\",\"contentUrl\":\"https:\/\/secure.gravatar.com\/avatar\/8b1518f5ae124c181c26693d06a13aaf19da45c0dc574995f0fb9650ca1927fb?s=96&d=mm&r=g\",\"caption\":\"Annina Humanes\"},\"url\":\"https:\/\/sahb.ch\/fr\/author\/annina-humanes\/\"}]}<\/script>\n<!-- \/ Yoast SEO plugin. -->","yoast_head_json":{"title":"\u00ab La Suisse peut prendre exemple sur Barcelone \u00bb - SAHB","description":"En 2010, on a diagnostiqu\u00e9 \u00e0 Caroline Baier une scl\u00e9rose en plaques (SEP). Une inflammation du nerf optique a confirm\u00e9 le diagnostic qu\u2019elle soup\u00e7onnait depuis longtemps. Le soutien d\u2019une famille formidable, une attitude positive et des moyens auxiliaires adapt\u00e9s lui permettent de bien s\u2019en sortir. Au quotidien comme en voyage.","robots":{"index":"index","follow":"follow","max-snippet":"max-snippet:-1","max-image-preview":"max-image-preview:large","max-video-preview":"max-video-preview:-1"},"canonical":"https:\/\/sahb.ch\/fr\/la-suisse-peut-prendre-exemple-sur-barcelone\/","og_locale":"fr_FR","og_type":"article","og_title":"\u00ab La Suisse peut prendre exemple sur Barcelone \u00bb - SAHB","og_description":"En 2010, on a diagnostiqu\u00e9 \u00e0 Caroline Baier une scl\u00e9rose en plaques (SEP). Une inflammation du nerf optique a confirm\u00e9 le diagnostic qu\u2019elle soup\u00e7onnait depuis longtemps. Le soutien d\u2019une famille formidable, une attitude positive et des moyens auxiliaires adapt\u00e9s lui permettent de bien s\u2019en sortir. Au quotidien comme en voyage.","og_url":"https:\/\/sahb.ch\/fr\/la-suisse-peut-prendre-exemple-sur-barcelone\/","og_site_name":"SAHB","article_published_time":"2024-06-03T10:03:41+00:00","article_modified_time":"2024-06-03T10:16:00+00:00","og_image":[{"width":2560,"height":1707,"url":"https:\/\/sahb.ch\/app\/uploads\/2024\/06\/L1070883-scaled.jpg","type":"image\/jpeg"}],"author":"Annina Humanes","twitter_card":"summary_large_image","twitter_misc":{"Written by":"Annina Humanes","Est. reading time":"1 minute"},"schema":{"@context":"https:\/\/schema.org","@graph":[{"@type":"WebPage","@id":"https:\/\/sahb.ch\/fr\/la-suisse-peut-prendre-exemple-sur-barcelone\/","url":"https:\/\/sahb.ch\/fr\/la-suisse-peut-prendre-exemple-sur-barcelone\/","name":"\u00ab La Suisse peut prendre exemple sur Barcelone \u00bb - SAHB","isPartOf":{"@id":"https:\/\/sahb.ch\/fr\/#website"},"primaryImageOfPage":{"@id":"https:\/\/sahb.ch\/fr\/la-suisse-peut-prendre-exemple-sur-barcelone\/#primaryimage"},"image":{"@id":"https:\/\/sahb.ch\/fr\/la-suisse-peut-prendre-exemple-sur-barcelone\/#primaryimage"},"thumbnailUrl":"https:\/\/sahb.ch\/app\/uploads\/2024\/06\/L1070883-scaled.jpg","datePublished":"2024-06-03T10:03:41+00:00","dateModified":"2024-06-03T10:16:00+00:00","author":{"@id":"https:\/\/sahb.ch\/fr\/#\/schema\/person\/67e58a3bfb47f5478c6042a01ddaed0d"},"description":"En 2010, on a diagnostiqu\u00e9 \u00e0 Caroline Baier une scl\u00e9rose en plaques (SEP). Une inflammation du nerf optique a confirm\u00e9 le diagnostic qu\u2019elle soup\u00e7onnait depuis longtemps. Le soutien d\u2019une famille formidable, une attitude positive et des moyens auxiliaires adapt\u00e9s lui permettent de bien s\u2019en sortir. Au quotidien comme en voyage.","breadcrumb":{"@id":"https:\/\/sahb.ch\/fr\/la-suisse-peut-prendre-exemple-sur-barcelone\/#breadcrumb"},"inLanguage":"fr-FR","potentialAction":[{"@type":"ReadAction","target":["https:\/\/sahb.ch\/fr\/la-suisse-peut-prendre-exemple-sur-barcelone\/"]}]},{"@type":"ImageObject","inLanguage":"fr-FR","@id":"https:\/\/sahb.ch\/fr\/la-suisse-peut-prendre-exemple-sur-barcelone\/#primaryimage","url":"https:\/\/sahb.ch\/app\/uploads\/2024\/06\/L1070883-scaled.jpg","contentUrl":"https:\/\/sahb.ch\/app\/uploads\/2024\/06\/L1070883-scaled.jpg","width":2560,"height":1707},{"@type":"BreadcrumbList","@id":"https:\/\/sahb.ch\/fr\/la-suisse-peut-prendre-exemple-sur-barcelone\/#breadcrumb","itemListElement":[{"@type":"ListItem","position":1,"name":"Home","item":"https:\/\/sahb.ch\/fr\/"},{"@type":"ListItem","position":2,"name":"\u00ab La Suisse peut prendre exemple sur Barcelone \u00bb"}]},{"@type":"WebSite","@id":"https:\/\/sahb.ch\/fr\/#website","url":"https:\/\/sahb.ch\/fr\/","name":"SAHB","description":"","potentialAction":[{"@type":"SearchAction","target":{"@type":"EntryPoint","urlTemplate":"https:\/\/sahb.ch\/fr\/?s={search_term_string}"},"query-input":{"@type":"PropertyValueSpecification","valueRequired":true,"valueName":"search_term_string"}}],"inLanguage":"fr-FR"},{"@type":"Person","@id":"https:\/\/sahb.ch\/fr\/#\/schema\/person\/67e58a3bfb47f5478c6042a01ddaed0d","name":"Annina Humanes","image":{"@type":"ImageObject","inLanguage":"fr-FR","@id":"https:\/\/sahb.ch\/fr\/#\/schema\/person\/image\/","url":"https:\/\/secure.gravatar.com\/avatar\/8b1518f5ae124c181c26693d06a13aaf19da45c0dc574995f0fb9650ca1927fb?s=96&d=mm&r=g","contentUrl":"https:\/\/secure.gravatar.com\/avatar\/8b1518f5ae124c181c26693d06a13aaf19da45c0dc574995f0fb9650ca1927fb?s=96&d=mm&r=g","caption":"Annina Humanes"},"url":"https:\/\/sahb.ch\/fr\/author\/annina-humanes\/"}]}},"_links":{"self":[{"href":"https:\/\/sahb.ch\/fr\/wp-json\/wp\/v2\/posts\/42837","targetHints":{"allow":["GET"]}}],"collection":[{"href":"https:\/\/sahb.ch\/fr\/wp-json\/wp\/v2\/posts"}],"about":[{"href":"https:\/\/sahb.ch\/fr\/wp-json\/wp\/v2\/types\/post"}],"author":[{"embeddable":true,"href":"https:\/\/sahb.ch\/fr\/wp-json\/wp\/v2\/users\/8"}],"replies":[{"embeddable":true,"href":"https:\/\/sahb.ch\/fr\/wp-json\/wp\/v2\/comments?post=42837"}],"version-history":[{"count":3,"href":"https:\/\/sahb.ch\/fr\/wp-json\/wp\/v2\/posts\/42837\/revisions"}],"predecessor-version":[{"id":42844,"href":"https:\/\/sahb.ch\/fr\/wp-json\/wp\/v2\/posts\/42837\/revisions\/42844"}],"wp:featuredmedia":[{"embeddable":true,"href":"https:\/\/sahb.ch\/fr\/wp-json\/wp\/v2\/media\/42835"}],"wp:attachment":[{"href":"https:\/\/sahb.ch\/fr\/wp-json\/wp\/v2\/media?parent=42837"}],"wp:term":[{"taxonomy":"category","embeddable":true,"href":"https:\/\/sahb.ch\/fr\/wp-json\/wp\/v2\/categories?post=42837"},{"taxonomy":"post_tag","embeddable":true,"href":"https:\/\/sahb.ch\/fr\/wp-json\/wp\/v2\/tags?post=42837"}],"curies":[{"name":"wp","href":"https:\/\/api.w.org\/{rel}","templated":true}]}}