{"id":49218,"date":"2025-02-27T15:08:39","date_gmt":"2025-02-27T15:08:39","guid":{"rendered":"https:\/\/sahb.ch\/?p=49218"},"modified":"2025-02-27T15:22:02","modified_gmt":"2025-02-27T15:22:02","slug":"ouverture-du-laboratoire-technique","status":"publish","type":"post","link":"https:\/\/sahb.ch\/fr\/ouverture-du-laboratoire-technique\/","title":{"rendered":"Ouverture du laboratoire technique"},"content":{"rendered":"","protected":false},"excerpt":{"rendered":"","protected":false},"author":8,"featured_media":39827,"comment_status":"open","ping_status":"open","sticky":false,"template":"","format":"standard","meta":{"_acf_changed":false},"categories":[263,266,33],"tags":[],"class_list":["post-49218","post","type-post","status-publish","format-standard","has-post-thumbnail","hentry","category-blog-fr","category-news-fr","category-non-classifiee"],"acf":[],"yoast_head":"<!-- This site is optimized with the Yoast SEO plugin v26.5 - https:\/\/yoast.com\/wordpress\/plugins\/seo\/ -->\n<title>Ouverture du laboratoire technique - SAHB<\/title>\n<meta name=\"description\" content=\"Le laboratoire technique combine le soutien pour l&#039;approvisionnement en moyens auxiliaires et l&#039;analyse moderne des mouvements. Il peut \u00eatre utilis\u00e9 dans le cadre des \u00e9valuations techniques pour les offices AI. Enfin, le laboratoire technique permet \u00e0 la FSCMA d&#039;accompagner plus \u00e9troitement les assurances sociales dans leurs n\u00e9gociations contractuelles.\" \/>\n<meta name=\"robots\" content=\"index, follow, max-snippet:-1, max-image-preview:large, max-video-preview:-1\" \/>\n<link rel=\"canonical\" href=\"https:\/\/sahb.ch\/fr\/ouverture-du-laboratoire-technique\/\" \/>\n<meta property=\"og:locale\" content=\"fr_FR\" \/>\n<meta property=\"og:type\" content=\"article\" \/>\n<meta property=\"og:title\" content=\"Ouverture du laboratoire technique - SAHB\" \/>\n<meta property=\"og:description\" content=\"Le laboratoire technique combine le soutien pour l&#039;approvisionnement en moyens auxiliaires et l&#039;analyse moderne des mouvements. Il peut \u00eatre utilis\u00e9 dans le cadre des \u00e9valuations techniques pour les offices AI. Enfin, le laboratoire technique permet \u00e0 la FSCMA d&#039;accompagner plus \u00e9troitement les assurances sociales dans leurs n\u00e9gociations contractuelles.\" \/>\n<meta property=\"og:url\" content=\"https:\/\/sahb.ch\/fr\/ouverture-du-laboratoire-technique\/\" \/>\n<meta property=\"og:site_name\" content=\"SAHB\" \/>\n<meta property=\"article:published_time\" content=\"2025-02-27T15:08:39+00:00\" \/>\n<meta property=\"article:modified_time\" content=\"2025-02-27T15:22:02+00:00\" \/>\n<meta property=\"og:image\" content=\"https:\/\/sahb.ch\/app\/uploads\/2024\/04\/News_Logo-scaled.jpg\" \/>\n\t<meta property=\"og:image:width\" content=\"2560\" \/>\n\t<meta property=\"og:image:height\" content=\"317\" \/>\n\t<meta property=\"og:image:type\" content=\"image\/jpeg\" \/>\n<meta name=\"author\" content=\"Annina Humanes\" \/>\n<meta name=\"twitter:card\" content=\"summary_large_image\" \/>\n<meta name=\"twitter:label1\" content=\"Written by\" \/>\n\t<meta name=\"twitter:data1\" content=\"Annina Humanes\" \/>\n\t<meta name=\"twitter:label2\" content=\"Est. reading time\" \/>\n\t<meta name=\"twitter:data2\" content=\"1 minute\" \/>\n<script type=\"application\/ld+json\" class=\"yoast-schema-graph\">{\"@context\":\"https:\/\/schema.org\",\"@graph\":[{\"@type\":\"WebPage\",\"@id\":\"https:\/\/sahb.ch\/fr\/ouverture-du-laboratoire-technique\/\",\"url\":\"https:\/\/sahb.ch\/fr\/ouverture-du-laboratoire-technique\/\",\"name\":\"Ouverture du laboratoire technique - SAHB\",\"isPartOf\":{\"@id\":\"https:\/\/sahb.ch\/fr\/#website\"},\"primaryImageOfPage\":{\"@id\":\"https:\/\/sahb.ch\/fr\/ouverture-du-laboratoire-technique\/#primaryimage\"},\"image\":{\"@id\":\"https:\/\/sahb.ch\/fr\/ouverture-du-laboratoire-technique\/#primaryimage\"},\"thumbnailUrl\":\"https:\/\/sahb.ch\/app\/uploads\/2024\/04\/News_Logo-scaled.jpg\",\"datePublished\":\"2025-02-27T15:08:39+00:00\",\"dateModified\":\"2025-02-27T15:22:02+00:00\",\"author\":{\"@id\":\"https:\/\/sahb.ch\/fr\/#\/schema\/person\/67e58a3bfb47f5478c6042a01ddaed0d\"},\"description\":\"Le laboratoire technique combine le soutien pour l'approvisionnement en moyens auxiliaires et l'analyse moderne des mouvements. Il peut \u00eatre utilis\u00e9 dans le cadre des \u00e9valuations techniques pour les offices AI. Enfin, le laboratoire technique permet \u00e0 la FSCMA d'accompagner plus \u00e9troitement les assurances sociales dans leurs n\u00e9gociations contractuelles.\",\"breadcrumb\":{\"@id\":\"https:\/\/sahb.ch\/fr\/ouverture-du-laboratoire-technique\/#breadcrumb\"},\"inLanguage\":\"fr-FR\",\"potentialAction\":[{\"@type\":\"ReadAction\",\"target\":[\"https:\/\/sahb.ch\/fr\/ouverture-du-laboratoire-technique\/\"]}]},{\"@type\":\"ImageObject\",\"inLanguage\":\"fr-FR\",\"@id\":\"https:\/\/sahb.ch\/fr\/ouverture-du-laboratoire-technique\/#primaryimage\",\"url\":\"https:\/\/sahb.ch\/app\/uploads\/2024\/04\/News_Logo-scaled.jpg\",\"contentUrl\":\"https:\/\/sahb.ch\/app\/uploads\/2024\/04\/News_Logo-scaled.jpg\",\"width\":2560,\"height\":317},{\"@type\":\"BreadcrumbList\",\"@id\":\"https:\/\/sahb.ch\/fr\/ouverture-du-laboratoire-technique\/#breadcrumb\",\"itemListElement\":[{\"@type\":\"ListItem\",\"position\":1,\"name\":\"Home\",\"item\":\"https:\/\/sahb.ch\/fr\/\"},{\"@type\":\"ListItem\",\"position\":2,\"name\":\"Ouverture du laboratoire technique\"}]},{\"@type\":\"WebSite\",\"@id\":\"https:\/\/sahb.ch\/fr\/#website\",\"url\":\"https:\/\/sahb.ch\/fr\/\",\"name\":\"SAHB\",\"description\":\"\",\"potentialAction\":[{\"@type\":\"SearchAction\",\"target\":{\"@type\":\"EntryPoint\",\"urlTemplate\":\"https:\/\/sahb.ch\/fr\/?s={search_term_string}\"},\"query-input\":{\"@type\":\"PropertyValueSpecification\",\"valueRequired\":true,\"valueName\":\"search_term_string\"}}],\"inLanguage\":\"fr-FR\"},{\"@type\":\"Person\",\"@id\":\"https:\/\/sahb.ch\/fr\/#\/schema\/person\/67e58a3bfb47f5478c6042a01ddaed0d\",\"name\":\"Annina Humanes\",\"image\":{\"@type\":\"ImageObject\",\"inLanguage\":\"fr-FR\",\"@id\":\"https:\/\/sahb.ch\/fr\/#\/schema\/person\/image\/\",\"url\":\"https:\/\/secure.gravatar.com\/avatar\/8b1518f5ae124c181c26693d06a13aaf19da45c0dc574995f0fb9650ca1927fb?s=96&d=mm&r=g\",\"contentUrl\":\"https:\/\/secure.gravatar.com\/avatar\/8b1518f5ae124c181c26693d06a13aaf19da45c0dc574995f0fb9650ca1927fb?s=96&d=mm&r=g\",\"caption\":\"Annina Humanes\"},\"url\":\"https:\/\/sahb.ch\/fr\/author\/annina-humanes\/\"}]}<\/script>\n<!-- \/ Yoast SEO plugin. -->","yoast_head_json":{"title":"Ouverture du laboratoire technique - SAHB","description":"Le laboratoire technique combine le soutien pour l'approvisionnement en moyens auxiliaires et l'analyse moderne des mouvements. Il peut \u00eatre utilis\u00e9 dans le cadre des \u00e9valuations techniques pour les offices AI. Enfin, le laboratoire technique permet \u00e0 la FSCMA d'accompagner plus \u00e9troitement les assurances sociales dans leurs n\u00e9gociations contractuelles.","robots":{"index":"index","follow":"follow","max-snippet":"max-snippet:-1","max-image-preview":"max-image-preview:large","max-video-preview":"max-video-preview:-1"},"canonical":"https:\/\/sahb.ch\/fr\/ouverture-du-laboratoire-technique\/","og_locale":"fr_FR","og_type":"article","og_title":"Ouverture du laboratoire technique - SAHB","og_description":"Le laboratoire technique combine le soutien pour l'approvisionnement en moyens auxiliaires et l'analyse moderne des mouvements. Il peut \u00eatre utilis\u00e9 dans le cadre des \u00e9valuations techniques pour les offices AI. Enfin, le laboratoire technique permet \u00e0 la FSCMA d'accompagner plus \u00e9troitement les assurances sociales dans leurs n\u00e9gociations contractuelles.","og_url":"https:\/\/sahb.ch\/fr\/ouverture-du-laboratoire-technique\/","og_site_name":"SAHB","article_published_time":"2025-02-27T15:08:39+00:00","article_modified_time":"2025-02-27T15:22:02+00:00","og_image":[{"width":2560,"height":317,"url":"https:\/\/sahb.ch\/app\/uploads\/2024\/04\/News_Logo-scaled.jpg","type":"image\/jpeg"}],"author":"Annina Humanes","twitter_card":"summary_large_image","twitter_misc":{"Written by":"Annina Humanes","Est. reading time":"1 minute"},"schema":{"@context":"https:\/\/schema.org","@graph":[{"@type":"WebPage","@id":"https:\/\/sahb.ch\/fr\/ouverture-du-laboratoire-technique\/","url":"https:\/\/sahb.ch\/fr\/ouverture-du-laboratoire-technique\/","name":"Ouverture du laboratoire technique - SAHB","isPartOf":{"@id":"https:\/\/sahb.ch\/fr\/#website"},"primaryImageOfPage":{"@id":"https:\/\/sahb.ch\/fr\/ouverture-du-laboratoire-technique\/#primaryimage"},"image":{"@id":"https:\/\/sahb.ch\/fr\/ouverture-du-laboratoire-technique\/#primaryimage"},"thumbnailUrl":"https:\/\/sahb.ch\/app\/uploads\/2024\/04\/News_Logo-scaled.jpg","datePublished":"2025-02-27T15:08:39+00:00","dateModified":"2025-02-27T15:22:02+00:00","author":{"@id":"https:\/\/sahb.ch\/fr\/#\/schema\/person\/67e58a3bfb47f5478c6042a01ddaed0d"},"description":"Le laboratoire technique combine le soutien pour l'approvisionnement en moyens auxiliaires et l'analyse moderne des mouvements. Il peut \u00eatre utilis\u00e9 dans le cadre des \u00e9valuations techniques pour les offices AI. Enfin, le laboratoire technique permet \u00e0 la FSCMA d'accompagner plus \u00e9troitement les assurances sociales dans leurs n\u00e9gociations contractuelles.","breadcrumb":{"@id":"https:\/\/sahb.ch\/fr\/ouverture-du-laboratoire-technique\/#breadcrumb"},"inLanguage":"fr-FR","potentialAction":[{"@type":"ReadAction","target":["https:\/\/sahb.ch\/fr\/ouverture-du-laboratoire-technique\/"]}]},{"@type":"ImageObject","inLanguage":"fr-FR","@id":"https:\/\/sahb.ch\/fr\/ouverture-du-laboratoire-technique\/#primaryimage","url":"https:\/\/sahb.ch\/app\/uploads\/2024\/04\/News_Logo-scaled.jpg","contentUrl":"https:\/\/sahb.ch\/app\/uploads\/2024\/04\/News_Logo-scaled.jpg","width":2560,"height":317},{"@type":"BreadcrumbList","@id":"https:\/\/sahb.ch\/fr\/ouverture-du-laboratoire-technique\/#breadcrumb","itemListElement":[{"@type":"ListItem","position":1,"name":"Home","item":"https:\/\/sahb.ch\/fr\/"},{"@type":"ListItem","position":2,"name":"Ouverture du laboratoire technique"}]},{"@type":"WebSite","@id":"https:\/\/sahb.ch\/fr\/#website","url":"https:\/\/sahb.ch\/fr\/","name":"SAHB","description":"","potentialAction":[{"@type":"SearchAction","target":{"@type":"EntryPoint","urlTemplate":"https:\/\/sahb.ch\/fr\/?s={search_term_string}"},"query-input":{"@type":"PropertyValueSpecification","valueRequired":true,"valueName":"search_term_string"}}],"inLanguage":"fr-FR"},{"@type":"Person","@id":"https:\/\/sahb.ch\/fr\/#\/schema\/person\/67e58a3bfb47f5478c6042a01ddaed0d","name":"Annina Humanes","image":{"@type":"ImageObject","inLanguage":"fr-FR","@id":"https:\/\/sahb.ch\/fr\/#\/schema\/person\/image\/","url":"https:\/\/secure.gravatar.com\/avatar\/8b1518f5ae124c181c26693d06a13aaf19da45c0dc574995f0fb9650ca1927fb?s=96&d=mm&r=g","contentUrl":"https:\/\/secure.gravatar.com\/avatar\/8b1518f5ae124c181c26693d06a13aaf19da45c0dc574995f0fb9650ca1927fb?s=96&d=mm&r=g","caption":"Annina Humanes"},"url":"https:\/\/sahb.ch\/fr\/author\/annina-humanes\/"}]}},"_links":{"self":[{"href":"https:\/\/sahb.ch\/fr\/wp-json\/wp\/v2\/posts\/49218","targetHints":{"allow":["GET"]}}],"collection":[{"href":"https:\/\/sahb.ch\/fr\/wp-json\/wp\/v2\/posts"}],"about":[{"href":"https:\/\/sahb.ch\/fr\/wp-json\/wp\/v2\/types\/post"}],"author":[{"embeddable":true,"href":"https:\/\/sahb.ch\/fr\/wp-json\/wp\/v2\/users\/8"}],"replies":[{"embeddable":true,"href":"https:\/\/sahb.ch\/fr\/wp-json\/wp\/v2\/comments?post=49218"}],"version-history":[{"count":2,"href":"https:\/\/sahb.ch\/fr\/wp-json\/wp\/v2\/posts\/49218\/revisions"}],"predecessor-version":[{"id":49515,"href":"https:\/\/sahb.ch\/fr\/wp-json\/wp\/v2\/posts\/49218\/revisions\/49515"}],"wp:featuredmedia":[{"embeddable":true,"href":"https:\/\/sahb.ch\/fr\/wp-json\/wp\/v2\/media\/39827"}],"wp:attachment":[{"href":"https:\/\/sahb.ch\/fr\/wp-json\/wp\/v2\/media?parent=49218"}],"wp:term":[{"taxonomy":"category","embeddable":true,"href":"https:\/\/sahb.ch\/fr\/wp-json\/wp\/v2\/categories?post=49218"},{"taxonomy":"post_tag","embeddable":true,"href":"https:\/\/sahb.ch\/fr\/wp-json\/wp\/v2\/tags?post=49218"}],"curies":[{"name":"wp","href":"https:\/\/api.w.org\/{rel}","templated":true}]}}